{"id":13160,"date":"2024-07-11T09:19:43","date_gmt":"2024-07-11T07:19:43","guid":{"rendered":"https:\/\/butzi-speaker.com\/?p=13160"},"modified":"2025-11-25T15:45:28","modified_gmt":"2025-11-25T14:45:28","slug":"ia-cest-quoi-hybridite-2-0","status":"publish","type":"post","link":"https:\/\/butzi-speaker.com\/fr\/ia-cest-quoi-hybridite-2-0\/","title":{"rendered":"IA : C&rsquo;est quoi l&rsquo;hybridit\u00e9 2.0 ?"},"content":{"rendered":"\n<h1 class=\"wp-block-heading\">IA : C&rsquo;est quoi l&rsquo;hybridit\u00e9 2.0 ?<\/h1>\n\n\n\n<p>Nous sommes tous d\u00e9j\u00e0 hybrides parce que nous passons une grande partie de notre temps sur nos portables et ordinateurs. Nous sommes presque d\u00e9j\u00e0 des cyborgs comme le dit Elon Musk lui-m\u00eame.<br><br>Mais nous vivons aujourd&rsquo;hui une 2\u00e8me vague d\u2019hybridit\u00e9&#8230; quelque peu forc\u00e9e pour certains, celle de l&rsquo;IA.<\/p>\n\n\n\n<figure class=\"wp-block-image\"><img fetchpriority=\"high\" decoding=\"async\" width=\"1440\" height=\"1000\" src=\"https:\/\/butzi-speaker.com\/wp-content\/uploads\/2024\/06\/Butzi-Visuel-Site.png\" alt=\"IA et hybridit\u00e9 2.0\" class=\"wp-image-13166\" srcset=\"https:\/\/butzi-speaker.com\/wp-content\/uploads\/2024\/06\/Butzi-Visuel-Site.png 1440w, https:\/\/butzi-speaker.com\/wp-content\/uploads\/2024\/06\/Butzi-Visuel-Site-300x208.png 300w, https:\/\/butzi-speaker.com\/wp-content\/uploads\/2024\/06\/Butzi-Visuel-Site-1024x711.png 1024w, https:\/\/butzi-speaker.com\/wp-content\/uploads\/2024\/06\/Butzi-Visuel-Site-768x533.png 768w, https:\/\/butzi-speaker.com\/wp-content\/uploads\/2024\/06\/Butzi-Visuel-Site-440x306.png 440w\" sizes=\"(max-width: 1440px) 100vw, 1440px\" \/><\/figure>\n\n\n\n<h2 class=\"wp-block-heading\">| PERSPECTIVE IA | HYBRIDIT\u00c9 2.0&#8230; C&rsquo;EST QUOI ?<\/h2>\n\n\n\n<p>Ce ph\u00e9nom\u00e8ne nous conduit vers une r\u00e9alit\u00e9 o\u00f9 le savoir-faire sp\u00e9cifique, nos \u00ab\u00a0comp\u00e9tences dures\u00a0\u00bb, bien que toujours valoris\u00e9es, ne constitueront plus l&rsquo;unique crit\u00e8re de diff\u00e9renciation entre deux employ\u00e9s ou entrepreneurs. Le march\u00e9 attendra de vous que vous sachiez utiliser l&rsquo;IA parfaitement et que vous d\u00e9veloppiez des comp\u00e9tences diff\u00e9rentes (dont des soft skills) \u00e0 mesure que l&rsquo;IA grapille des t\u00e2ches de votre m\u00e9tier. <\/p>\n\n\n\n<p><strong>Continuellement, de nouvelles applications, logiciels et autres syst\u00e8mes d&rsquo;intelligence, r\u00e9ussissent \u00e0 r\u00e9aliser des t\u00e2ches de plus en plus complexes<\/strong> dans la plupart des m\u00e9tiers.<\/p>\n\n\n\n<p><strong>Ce n&rsquo;est qu&rsquo;une question de temps<\/strong> pour qu&rsquo;on se dise: \u00ab\u00a0Mais attends, c&rsquo;est mon boulot de faire(&#8230;) \u00ab\u00a0. <br>Et on vous r\u00e9pondra: \u00ab\u00a0oui, mais maintenant c&rsquo;est automatis\u00e9 avec cette IA\u00a0\u00bb. <br>Vous le savez aussi bien que moi: les applications comme <a href=\"https:\/\/openai.com\/chatgpt\" rel=\"noopener\">ChatGPT<\/a> et des logiciels de traitement automatique des donn\u00e9es r\u00e9volutionnent d\u00e9j\u00e0 des secteurs entiers.<\/p>\n\n\n\n<p>Du coup, la capacit\u00e9 de <strong>combiner ces comp\u00e9tences \u00ab\u00a0dures\u00a0\u00bb avec les outils d&rsquo;intelligence artificielle deviendra centrale<\/strong>.<\/p>\n\n\n\n<h3 class=\"wp-block-heading\">Les Comp\u00e9tences de Demain<\/h3>\n\n\n\n<p>Que va-t-il alors rester pour se diff\u00e9rencier ? Les qualit\u00e9s humaines telles que <strong>l&rsquo;intuition, la cr\u00e9ativit\u00e9, les comp\u00e9tences relationnelles et la vision strat\u00e9gique<\/strong> gagneront en importance. Elles repr\u00e9senteront les v\u00e9ritables leviers de diff\u00e9renciation.<\/p>\n\n\n\n<h4 class=\"wp-block-heading\">Vision et Intuition<\/h4>\n\n\n\n<p>Votre vision et votre intuition deviendront des atouts majeurs. Elles permettent de percevoir des opportunit\u00e9s que les algorithmes ne peuvent pas toujours d\u00e9tecter. Par exemple, Steve Jobs, connu pour sa vision strat\u00e9gique, a su transformer des id\u00e9es en produits r\u00e9volutionnaires qui ont chang\u00e9 notre monde.<\/p>\n\n\n\n<h4 class=\"wp-block-heading\">Adaptabilit\u00e9 et Introspection<\/h4>\n\n\n\n<p>Le sens de l&rsquo;adaptation et les capacit\u00e9s introspectives seront \u00e9galement cruciaux. Dans un environnement en constante \u00e9volution, ceux qui s&rsquo;adaptent rapidement et r\u00e9fl\u00e9chissent de mani\u00e8re critique aux nouvelles situations auront un avantage consid\u00e9rable.<\/p>\n\n\n\n<h4 class=\"wp-block-heading\">Cr\u00e9ativit\u00e9<\/h4>\n\n\n\n<p>La cr\u00e9ativit\u00e9 est une qualit\u00e9 humaine que l&rsquo;IA ne peut pas reproduire enti\u00e8rement. Elle est essentielle pour innover et r\u00e9soudre des probl\u00e8mes de mani\u00e8re unique. Il faudra donc d\u00e9velopper sa cr\u00e9ativit\u00e9 \u00ab\u00a0humaine\u00a0\u00bb et vous entra\u00eener \u00e0 r\u00eaver, imaginez des choses d\u00e9cal\u00e9es, vous surprendre. Tout ce que la machine ne peut pas faire. <\/p>\n\n\n\n<h4 class=\"wp-block-heading\">Comp\u00e9tences Humaines et Sociales<\/h4>\n\n\n\n<p>Enfin, vos comp\u00e9tences humaines et sociales sont irrempla\u00e7ables. La capacit\u00e9 \u00e0 comprendre, \u00e0 communiquer et \u00e0 collaborer avec les autres reste un \u00e9l\u00e9ment cl\u00e9 dans un monde o\u00f9 la technologie est omnipr\u00e9sente. Les entreprises valoriseront de plus en plus les employ\u00e9s capables de cr\u00e9er des environnements de travail harmonieux et productifs alors que l&rsquo;IA s&rsquo;occupera davantage des t\u00e2ches techniques, redondantes, chronophages, ne pouvant pas comprendre la complexit\u00e9 de la psychologie humaine et les nuances des relations de groupes. <\/p>\n\n\n\n<p><\/p>\n\n\n\n<h2 class=\"wp-block-heading\">| L&rsquo;ASTUCE CR\u00c9ATIVE <strong>\ud83d\udca1 <\/strong>| <strong>QUE SUIS-JE CENS\u00c9 FAIRE DE CELA ?<\/strong><\/h2>\n\n\n\n<p>D\u00e9veloppez justement ces capacit\u00e9s. Parmi celles-ci, il y a:<\/p>\n\n\n\n<p>\u2705 Votre vision<\/p>\n\n\n\n<p>\u2705 Votre intuition<\/p>\n\n\n\n<p>\u2705 Votre sens de l&rsquo;adaptation et vos capacit\u00e9s introspectives<\/p>\n\n\n\n<p>\u2705 Votre cr\u00e9ativit\u00e9<\/p>\n\n\n\n<p>\u2705 Vos comp\u00e9tences humaines et sociales<\/p>\n\n\n\n<p>Demain, on ne vous engagera plus pour votre savoir-faire sp\u00e9cifique, parce que vous savez faire un truc sur excel ou ou m\u00eame que vous pouvez n\u00e9gocier les prix avec un acheteur, mais pour qui vous \u00eates et comment vous vous adaptez.<\/p>\n\n\n\n<p>Pensez-y parce \u00e7a va arriver petit \u00e0 petit.<\/p>\n\n\n\n<p>Apprenez \u00e0 d\u00e9l\u00e9guer \u00e0 la machine, faites confiance \u00e0 vos id\u00e9es et soyez tr\u00e8s humains avec les autres, on en a besoin dans ce monde de machines !<\/p>\n\n\n\n<p><strong>Pensez \u00ab\u00a0IA et technologie\u00a0\u00bb quand vous \u00eates en \u00ab mode efficacit\u00e9 \u00bb mais pensez \u00ab diplomatie et patience \u00bb quand vous \u00eates avec d\u2019autres humains!<\/strong><\/p>\n\n\n\n<p><\/p>\n\n\n\n<h3 class=\"wp-block-heading\">Vous Souhaitez Aller Plus Loin ?<\/h3>\n\n\n\n<p>Si vous \u00eates int\u00e9ress\u00e9 pour aborder ce sujet dans votre entreprise, je propose des conf\u00e9rences autour de la th\u00e9matique IA et l&rsquo;hybridit\u00e9. Ces conf\u00e9rences sont con\u00e7ues pour aider vos \u00e9quipes \u00e0 mieux comprendre les enjeux de l&rsquo;intelligence artificielle, \u00e0 d\u00e9velopper des comp\u00e9tences humaines essentielles et \u00e0 int\u00e9grer harmonieusement la technologie dans leur travail quotidien. N&rsquo;h\u00e9sitez pas \u00e0 me contacter via <a href=\"https:\/\/butzi-speaker.com\/contact\/\" data-type=\"link\" data-id=\"https:\/\/butzi-speaker.com\/contact\/\">mon formulaire de contact<\/a> pour organiser une session adapt\u00e9e \u00e0 vos besoins. <\/p>\n","protected":false},"excerpt":{"rendered":"<p>IA : C&rsquo;est quoi l&rsquo;hybridit\u00e9 2.0 ? Nous sommes tous d\u00e9j\u00e0 hybrides parce que nous passons une grande partie de notre temps sur nos portables et ordinateurs. Nous sommes presque d\u00e9j\u00e0 des cyborgs comme le dit Elon Musk lui-m\u00eame. Mais [&hellip;]<\/p>\n","protected":false},"author":1,"featured_media":13166,"comment_status":"closed","ping_status":"open","sticky":false,"template":"","format":"standard","meta":{"footnotes":""},"categories":[152,206],"tags":[],"class_list":["post-13160","post","type-post","status-publish","format-standard","has-post-thumbnail","hentry","category-non-classifiee","category-francais"],"_links":{"self":[{"href":"https:\/\/butzi-speaker.com\/fr\/wp-json\/wp\/v2\/posts\/13160","targetHints":{"allow":["GET"]}}],"collection":[{"href":"https:\/\/butzi-speaker.com\/fr\/wp-json\/wp\/v2\/posts"}],"about":[{"href":"https:\/\/butzi-speaker.com\/fr\/wp-json\/wp\/v2\/types\/post"}],"author":[{"embeddable":true,"href":"https:\/\/butzi-speaker.com\/fr\/wp-json\/wp\/v2\/users\/1"}],"replies":[{"embeddable":true,"href":"https:\/\/butzi-speaker.com\/fr\/wp-json\/wp\/v2\/comments?post=13160"}],"version-history":[{"count":8,"href":"https:\/\/butzi-speaker.com\/fr\/wp-json\/wp\/v2\/posts\/13160\/revisions"}],"predecessor-version":[{"id":14243,"href":"https:\/\/butzi-speaker.com\/fr\/wp-json\/wp\/v2\/posts\/13160\/revisions\/14243"}],"wp:featuredmedia":[{"embeddable":true,"href":"https:\/\/butzi-speaker.com\/fr\/wp-json\/wp\/v2\/media\/13166"}],"wp:attachment":[{"href":"https:\/\/butzi-speaker.com\/fr\/wp-json\/wp\/v2\/media?parent=13160"}],"wp:term":[{"taxonomy":"category","embeddable":true,"href":"https:\/\/butzi-speaker.com\/fr\/wp-json\/wp\/v2\/categories?post=13160"},{"taxonomy":"post_tag","embeddable":true,"href":"https:\/\/butzi-speaker.com\/fr\/wp-json\/wp\/v2\/tags?post=13160"}],"curies":[{"name":"wp","href":"https:\/\/api.w.org\/{rel}","templated":true}]}}